{"id":6756,"date":"2026-09-01T15:53:17","date_gmt":"2026-09-01T20:53:17","guid":{"rendered":"https:\/\/www.amb.com.co\/amb\/?p=6756"},"modified":"2026-09-01T16:00:59","modified_gmt":"2026-09-01T21:00:59","slug":"suspension-del-servicio-de-acueducto-en-un-sector-del-norte-del-municipio-de-bucaramanga","status":"publish","type":"post","link":"https:\/\/www.amb.com.co\/amb\/suspension-del-servicio-de-acueducto-en-un-sector-del-norte-del-municipio-de-bucaramanga\/","title":{"rendered":"Suspensi\u00f3n del servicio de Acueducto en un sector del Norte del Municipio de Bucaramanga"},"content":{"rendered":"\t\t<div data-elementor-type=\"wp-post\" data-elementor-id=\"6756\" class=\"elementor elementor-6756\" data-elementor-post-type=\"post\">\n\t\t\t\t\t\t<section class=\"elementor-section elementor-top-section elementor-element elementor-element-bb53c4f elementor-section-boxed elementor-section-height-default elementor-section-height-default\" data-id=\"bb53c4f\" data-element_type=\"section\">\n\t\t\t\t\t\t<div class=\"elementor-container elementor-column-gap-default\">\n\t\t\t\t\t<div class=\"elementor-column elementor-col-100 elementor-top-column elementor-element elementor-element-2f03d93\" data-id=\"2f03d93\" data-element_type=\"column\">\n\t\t\t<div class=\"elementor-widget-wrap elementor-element-populated\">\n\t\t\t\t\t\t<div class=\"elementor-element elementor-element-cd0861f elementor-widget elementor-widget-text-editor\" data-id=\"cd0861f\" data-element_type=\"widget\" data-widget_type=\"text-editor.default\">\n\t\t\t\t<div class=\"elementor-widget-container\">\n\t\t\t\t\t\t\t\t\t<p><strong>Bucaramanga, 1 de septiembre de 2026.<\/strong><\/p><p>Con el fin de realizar mantenimiento preventivo en el tanque de distribuci\u00f3n del Distrito Regadero, suspender\u00e1 el suministro de agua potable a un sector de la zona Norte de Bucaramanga, el d\u00eda jueves 03 de septiembre de 2026 desde las 8 a.m. hasta las 2:00 p.m.<\/p><p>La medida cobijar\u00e1 a cerca de 4.800 suscriptores ubicados en los siguientes barrios:<\/p><p><strong>DISTRITO REGADERO: <\/strong>San Crist\u00f3bal, la Juventud, Regadero Norte, Esperanza I y II, Lizcano I y II, Jos\u00e9 Mar\u00eda C\u00f3rdoba, los \u00c1ngeles, Villa Helena I y II, 13 de Junio, Villa Rosa, Paisajes del Norte, Villa Mar\u00eda I y III, Olas Altas y Pilas P\u00fablicas del sector.<\/p><p><em>El Acueducto Metropolitano de Bucaramanga SA ESP<\/em>, presenta excusas por los inconvenientes ocasionados y recomienda a los usuarios hacer uso racional del agua a trav\u00e9s de tanques de almacenamiento, con el fin de minimizar los efectos de la suspensi\u00f3n del servicio.<\/p><p>Los usuarios que cuentan con sistema interno de bombeo, no se ver\u00e1n afectados con la medida, pero se recomienda el uso racional del agua.<\/p>\t\t\t\t\t\t\t\t<\/div>\n\t\t\t\t<\/div>\n\t\t\t\t\t<\/div>\n\t\t<\/div>\n\t\t\t\t\t<\/div>\n\t\t<\/section>\n\t\t\t\t<\/div>\n\t\t","protected":false},"excerpt":{"rendered":"<p>Con el fin de realizar mantenimiento preventivo en el tanque de distribuci\u00f3n del Distrito Regadero, suspender\u00e1 el suministro de agua potable a un sector de la zona Norte de Bucaramanga, el d\u00eda jueves 03 de septiembre de 2026.<\/p>\n","protected":false},"author":5,"featured_media":6450,"comment_status":"open","ping_status":"open","sticky":false,"template":"","format":"standard","meta":{"_monsterinsights_skip_tracking":false,"_monsterinsights_sitenote_active":false,"_monsterinsights_sitenote_note":"","_monsterinsights_sitenote_category":0,"footnotes":""},"categories":[14],"tags":[],"class_list":["post-6756","post","type-post","status-publish","format-standard","has-post-thumbnail","hentry","category-cortes"],"_links":{"self":[{"href":"https:\/\/www.amb.com.co\/amb\/wp-json\/wp\/v2\/posts\/6756","targetHints":{"allow":["GET"]}}],"collection":[{"href":"https:\/\/www.amb.com.co\/amb\/wp-json\/wp\/v2\/posts"}],"about":[{"href":"https:\/\/www.amb.com.co\/amb\/wp-json\/wp\/v2\/types\/post"}],"author":[{"embeddable":true,"href":"https:\/\/www.amb.com.co\/amb\/wp-json\/wp\/v2\/users\/5"}],"replies":[{"embeddable":true,"href":"https:\/\/www.amb.com.co\/amb\/wp-json\/wp\/v2\/comments?post=6756"}],"version-history":[{"count":7,"href":"https:\/\/www.amb.com.co\/amb\/wp-json\/wp\/v2\/posts\/6756\/revisions"}],"predecessor-version":[{"id":6764,"href":"https:\/\/www.amb.com.co\/amb\/wp-json\/wp\/v2\/posts\/6756\/revisions\/6764"}],"wp:featuredmedia":[{"embeddable":true,"href":"https:\/\/www.amb.com.co\/amb\/wp-json\/wp\/v2\/media\/6450"}],"wp:attachment":[{"href":"https:\/\/www.amb.com.co\/amb\/wp-json\/wp\/v2\/media?parent=6756"}],"wp:term":[{"taxonomy":"category","embeddable":true,"href":"https:\/\/www.amb.com.co\/amb\/wp-json\/wp\/v2\/categories?post=6756"},{"taxonomy":"post_tag","embeddable":true,"href":"https:\/\/www.amb.com.co\/amb\/wp-json\/wp\/v2\/tags?post=6756"}],"curies":[{"name":"wp","href":"https:\/\/api.w.org\/{rel}","templated":true}]}}