{"id":6745,"date":"2026-09-01T15:47:26","date_gmt":"2026-09-01T20:47:26","guid":{"rendered":"https:\/\/www.amb.com.co\/amb\/?p=6745"},"modified":"2026-09-01T15:51:29","modified_gmt":"2026-09-01T20:51:29","slug":"suspension-del-servicio-de-acueducto-en-el-distrito-caracoli-municipio-de-floridablanca-2","status":"publish","type":"post","link":"https:\/\/www.amb.com.co\/amb\/suspension-del-servicio-de-acueducto-en-el-distrito-caracoli-municipio-de-floridablanca-2\/","title":{"rendered":"Suspensi\u00f3n del servicio de Acueducto en el distrito Caracol\u00ed Municipio de Floridablanca"},"content":{"rendered":"\t\t<div data-elementor-type=\"wp-post\" data-elementor-id=\"6745\" class=\"elementor elementor-6745\" data-elementor-post-type=\"post\">\n\t\t\t\t\t\t<section class=\"elementor-section elementor-top-section elementor-element elementor-element-749c2e2 elementor-section-boxed elementor-section-height-default elementor-section-height-default\" data-id=\"749c2e2\" data-element_type=\"section\">\n\t\t\t\t\t\t<div class=\"elementor-container elementor-column-gap-default\">\n\t\t\t\t\t<div class=\"elementor-column elementor-col-100 elementor-top-column elementor-element elementor-element-ad8376b\" data-id=\"ad8376b\" data-element_type=\"column\">\n\t\t\t<div class=\"elementor-widget-wrap elementor-element-populated\">\n\t\t\t\t\t\t<div class=\"elementor-element elementor-element-bb4a17a elementor-widget elementor-widget-text-editor\" data-id=\"bb4a17a\" data-element_type=\"widget\" data-widget_type=\"text-editor.default\">\n\t\t\t\t<div class=\"elementor-widget-container\">\n\t\t\t\t\t\t\t\t\t<p><strong>Bucaramanga, 1 de septiembre de 2026<\/strong><\/p><p>Con el fin de adelantar el mantenimiento preventivo del Tanque de Almacenamiento del Distrito Caracol\u00ed, el <em>amb S.A ESP<\/em> suspender\u00e1 el servicio de agua potable, el d\u00eda jueves 03 de septiembre de 2026, desde la 01:00 p.m. hasta la 06:00 p.m.<\/p><p>La medida cobijar\u00e1 a cerca de 745 suscriptores ubicados en los sectores:<\/p><p><strong>DISTRITO CARACOL\u00cd<\/strong>: Barrio Caracol\u00ed, Conjunto Residencial Cipreses y Pilas P\u00fablicas del P\u00e1ramo.<\/p><p>El Acueducto Metropolitano de Bucaramanga S.A ESP, presenta excusas por los inconvenientes ocasionados y recomienda a los usuarios hacer uso racional del agua a trav\u00e9s de tanques de almacenamiento, con el fin de minimizar los efectos de la suspensi\u00f3n del servicio.<\/p><p>Los usuarios que cuentan con sistema interno de bombeo, no se ver\u00e1n afectados con la medida, pero se recomienda el uso racional del agua.<\/p>\t\t\t\t\t\t\t\t<\/div>\n\t\t\t\t<\/div>\n\t\t\t\t\t<\/div>\n\t\t<\/div>\n\t\t\t\t\t<\/div>\n\t\t<\/section>\n\t\t\t\t<\/div>\n\t\t","protected":false},"excerpt":{"rendered":"<p>Con el fin de adelantar el mantenimiento preventivo del Tanque de Almacenamiento del Distrito Caracol\u00ed, el amb SA ESP suspender\u00e1 el servicio de agua potable, el d\u00eda jueves 03 de septiembre de 2026.<\/p>\n","protected":false},"author":5,"featured_media":6450,"comment_status":"open","ping_status":"open","sticky":false,"template":"","format":"standard","meta":{"_monsterinsights_skip_tracking":false,"_monsterinsights_sitenote_active":false,"_monsterinsights_sitenote_note":"","_monsterinsights_sitenote_category":0,"footnotes":""},"categories":[14],"tags":[],"class_list":["post-6745","post","type-post","status-publish","format-standard","has-post-thumbnail","hentry","category-cortes"],"_links":{"self":[{"href":"https:\/\/www.amb.com.co\/amb\/wp-json\/wp\/v2\/posts\/6745","targetHints":{"allow":["GET"]}}],"collection":[{"href":"https:\/\/www.amb.com.co\/amb\/wp-json\/wp\/v2\/posts"}],"about":[{"href":"https:\/\/www.amb.com.co\/amb\/wp-json\/wp\/v2\/types\/post"}],"author":[{"embeddable":true,"href":"https:\/\/www.amb.com.co\/amb\/wp-json\/wp\/v2\/users\/5"}],"replies":[{"embeddable":true,"href":"https:\/\/www.amb.com.co\/amb\/wp-json\/wp\/v2\/comments?post=6745"}],"version-history":[{"count":10,"href":"https:\/\/www.amb.com.co\/amb\/wp-json\/wp\/v2\/posts\/6745\/revisions"}],"predecessor-version":[{"id":6755,"href":"https:\/\/www.amb.com.co\/amb\/wp-json\/wp\/v2\/posts\/6745\/revisions\/6755"}],"wp:featuredmedia":[{"embeddable":true,"href":"https:\/\/www.amb.com.co\/amb\/wp-json\/wp\/v2\/media\/6450"}],"wp:attachment":[{"href":"https:\/\/www.amb.com.co\/amb\/wp-json\/wp\/v2\/media?parent=6745"}],"wp:term":[{"taxonomy":"category","embeddable":true,"href":"https:\/\/www.amb.com.co\/amb\/wp-json\/wp\/v2\/categories?post=6745"},{"taxonomy":"post_tag","embeddable":true,"href":"https:\/\/www.amb.com.co\/amb\/wp-json\/wp\/v2\/tags?post=6745"}],"curies":[{"name":"wp","href":"https:\/\/api.w.org\/{rel}","templated":true}]}}