{"id":6728,"date":"2026-09-01T13:23:57","date_gmt":"2026-09-01T18:23:57","guid":{"rendered":"https:\/\/www.amb.com.co\/amb\/?p=6728"},"modified":"2026-09-01T13:28:53","modified_gmt":"2026-09-01T18:28:53","slug":"invitacion-privada-abierta-2","status":"publish","type":"post","link":"https:\/\/www.amb.com.co\/amb\/invitacion-privada-abierta-2\/","title":{"rendered":"Invitaci\u00f3n Privada Abierta"},"content":{"rendered":"\t\t<div data-elementor-type=\"wp-post\" data-elementor-id=\"6728\" class=\"elementor elementor-6728\" data-elementor-post-type=\"post\">\n\t\t\t\t\t\t<section class=\"elementor-section elementor-top-section elementor-element elementor-element-e6c5551 elementor-section-boxed elementor-section-height-default elementor-section-height-default\" data-id=\"e6c5551\" data-element_type=\"section\">\n\t\t\t\t\t\t<div class=\"elementor-container elementor-column-gap-default\">\n\t\t\t\t\t<div class=\"elementor-column elementor-col-100 elementor-top-column elementor-element elementor-element-ac868fe\" data-id=\"ac868fe\" data-element_type=\"column\">\n\t\t\t<div class=\"elementor-widget-wrap elementor-element-populated\">\n\t\t\t\t\t\t<div class=\"elementor-element elementor-element-8385e1c elementor-widget elementor-widget-text-editor\" data-id=\"8385e1c\" data-element_type=\"widget\" data-widget_type=\"text-editor.default\">\n\t\t\t\t<div class=\"elementor-widget-container\">\n\t\t\t\t\t\t\t\t\t<p>El amb SA ESP., en su calidad de contribuyente ejecutar\u00e1 el Proyecto Construcci\u00f3n de Unidades Sanitarias con Saneamiento B\u00e1sico para Vivienda Rural Dispersa en el Municipio de Charta, a trav\u00e9s del mecanismo Obras por Impuesto, Opci\u00f3n Fiducia. La contrataci\u00f3n de la obra e interventor\u00eda se desarrollar\u00e1 a trav\u00e9s del Patrimonio Aut\u00f3nomo constituido con la Fiduciaria La Previsora S.A.<\/p><p>A continuaci\u00f3n, se presenta la informaci\u00f3n para la invitaci\u00f3n Privada Abierta.<\/p><p><strong>Objeto:<\/strong> Realizar la interventor\u00eda t\u00e9cnica, administrativa, jur\u00eddica, de seguridad y salud en el trabajo, ambiental, social, contable y financiera para el proyecto: Construcci\u00f3n De Unidades Sanitarias Con Saneamiento B\u00e1sico Para Vivienda Rural Dispersa En El Municipio De Charta.<\/p><p><strong>Fecha de Apertura:<\/strong> 28 de agosto de 2026.<\/p><p><strong>Fecha de entrega de las ofertas:<\/strong> Se establece como fecha l\u00edmite para entrega de propuestas el d\u00eda 11 de septiembre de 2026 a las 11:00 a.m. La entrega de las ofertas ser\u00e1 en los correos electr\u00f3nicos relacionados en el documento de t\u00e9rminos.<\/p><p><strong>Consulta de la solicitud de oferta:<\/strong> La Solicitud de Oferta podr\u00e1 consultarse en el la siguiente direcci\u00f3n electr\u00f3nica:\u00a0<a href=\"https:\/\/obrasporimpuestos.fiduprevisora.com.co\/licitaciones2\/?_post_id=953\" target=\"_blank\" rel=\"noopener\">https:\/\/obrasporimpuestos.fiduprevisora.com.co\/licitaciones2\/?_post_id=953<\/a><\/p><p>\u00a0<\/p>\t\t\t\t\t\t\t\t<\/div>\n\t\t\t\t<\/div>\n\t\t\t\t\t<\/div>\n\t\t<\/div>\n\t\t\t\t\t<\/div>\n\t\t<\/section>\n\t\t\t\t<\/div>\n\t\t","protected":false},"excerpt":{"rendered":"<p>Realizar la interventor\u00eda t\u00e9cnica, administrativa, jur\u00eddica, de seguridad y salud en el trabajo, ambiental, social, contable y financiera para el proyecto: Construcci\u00f3n De Unidades Sanitarias Con Saneamiento B\u00e1sico Para Vivienda Rural Dispersa En El Municipio De Charta.<\/p>\n","protected":false},"author":5,"featured_media":6724,"comment_status":"open","ping_status":"open","sticky":false,"template":"","format":"standard","meta":{"_monsterinsights_skip_tracking":false,"_monsterinsights_sitenote_active":false,"_monsterinsights_sitenote_note":"","_monsterinsights_sitenote_category":0,"footnotes":""},"categories":[6],"tags":[],"class_list":["post-6728","post","type-post","status-publish","format-standard","has-post-thumbnail","hentry","category-convocatorias"],"_links":{"self":[{"href":"https:\/\/www.amb.com.co\/amb\/wp-json\/wp\/v2\/posts\/6728","targetHints":{"allow":["GET"]}}],"collection":[{"href":"https:\/\/www.amb.com.co\/amb\/wp-json\/wp\/v2\/posts"}],"about":[{"href":"https:\/\/www.amb.com.co\/amb\/wp-json\/wp\/v2\/types\/post"}],"author":[{"embeddable":true,"href":"https:\/\/www.amb.com.co\/amb\/wp-json\/wp\/v2\/users\/5"}],"replies":[{"embeddable":true,"href":"https:\/\/www.amb.com.co\/amb\/wp-json\/wp\/v2\/comments?post=6728"}],"version-history":[{"count":5,"href":"https:\/\/www.amb.com.co\/amb\/wp-json\/wp\/v2\/posts\/6728\/revisions"}],"predecessor-version":[{"id":6735,"href":"https:\/\/www.amb.com.co\/amb\/wp-json\/wp\/v2\/posts\/6728\/revisions\/6735"}],"wp:featuredmedia":[{"embeddable":true,"href":"https:\/\/www.amb.com.co\/amb\/wp-json\/wp\/v2\/media\/6724"}],"wp:attachment":[{"href":"https:\/\/www.amb.com.co\/amb\/wp-json\/wp\/v2\/media?parent=6728"}],"wp:term":[{"taxonomy":"category","embeddable":true,"href":"https:\/\/www.amb.com.co\/amb\/wp-json\/wp\/v2\/categories?post=6728"},{"taxonomy":"post_tag","embeddable":true,"href":"https:\/\/www.amb.com.co\/amb\/wp-json\/wp\/v2\/tags?post=6728"}],"curies":[{"name":"wp","href":"https:\/\/api.w.org\/{rel}","templated":true}]}}