{"id":6715,"date":"2026-09-01T08:32:41","date_gmt":"2026-09-01T13:32:41","guid":{"rendered":"https:\/\/www.amb.com.co\/amb\/?p=6715"},"modified":"2026-09-01T09:00:29","modified_gmt":"2026-09-01T14:00:29","slug":"invitacion-privada-abierta","status":"publish","type":"post","link":"https:\/\/www.amb.com.co\/amb\/invitacion-privada-abierta\/","title":{"rendered":"Invitaci\u00f3n Privada Abierta"},"content":{"rendered":"\t\t<div data-elementor-type=\"wp-post\" data-elementor-id=\"6715\" class=\"elementor elementor-6715\" data-elementor-post-type=\"post\">\n\t\t\t\t\t\t<section class=\"elementor-section elementor-top-section elementor-element elementor-element-bbedc56 elementor-section-boxed elementor-section-height-default elementor-section-height-default\" data-id=\"bbedc56\" data-element_type=\"section\">\n\t\t\t\t\t\t<div class=\"elementor-container elementor-column-gap-default\">\n\t\t\t\t\t<div class=\"elementor-column elementor-col-100 elementor-top-column elementor-element elementor-element-d6090d6\" data-id=\"d6090d6\" data-element_type=\"column\">\n\t\t\t<div class=\"elementor-widget-wrap elementor-element-populated\">\n\t\t\t\t\t\t<div class=\"elementor-element elementor-element-c9633ae elementor-widget elementor-widget-text-editor\" data-id=\"c9633ae\" data-element_type=\"widget\" data-widget_type=\"text-editor.default\">\n\t\t\t\t<div class=\"elementor-widget-container\">\n\t\t\t\t\t\t\t\t\t<p>El amb SA ESP, en su calidad de contribuyente ejecutar\u00e1 el Proyecto Construcci\u00f3n de Unidades Sanitarias con Saneamiento B\u00e1sico para Vivienda Rural Dispersa en el Municipio de Charta a trav\u00e9s del mecanismo Obras por Impuesto, opci\u00f3n Fiducia. La contrataci\u00f3n de la obra e interventor\u00eda se desarrollar\u00e1 a trav\u00e9s del Patrimonio Aut\u00f3nomo constituido con la Fiduciaria la Previsora S.A.<\/p><p>A continuaci\u00f3n, se presenta la informaci\u00f3n para la invitaci\u00f3n Privada Abierta.<\/p><p><strong>Objeto:<\/strong> Construcci\u00f3n de Unidades Sanitarias con Saneamiento B\u00e1sico para Vivienda Rural Dispersa en el Municipio de Charta.<\/p><p><strong>Fecha de Apertura:<\/strong> 28 de agosto de 2026.<\/p><p><strong>Fecha de entrega de las ofertas:<\/strong> Se establece como fecha l\u00edmite para entrega de propuestas el d\u00eda 10 de septiembre de 2026 a las 11:00 a.m. la entrega de las ofertas ser\u00e1 en los correos electr\u00f3nicos relacionados en el documento de t\u00e9rminos.<\/p><p><strong>Consulta de la solicitud de oferta:<\/strong> La solicitud de oferta podr\u00e1 consultarse en la siguiente direcci\u00f3n electr\u00f3nica:\u00a0<a href=\"https:\/\/obrasporimpuestos.fiduprevisora.com.co\/licitaciones2\/?_post_id=952\" target=\"_blank\" rel=\"noopener\">https:\/\/obrasporimpuestos.fiduprevisora.com.co\/licitaciones2\/?_post_id=952<\/a><\/p>\t\t\t\t\t\t\t\t<\/div>\n\t\t\t\t<\/div>\n\t\t\t\t\t<\/div>\n\t\t<\/div>\n\t\t\t\t\t<\/div>\n\t\t<\/section>\n\t\t\t\t<\/div>\n\t\t","protected":false},"excerpt":{"rendered":"<p>El amb SA ESP, en su calidad de contribuyente ejecutar\u00e1 el Proyecto Construcci\u00f3n de Unidades Sanitarias Con Saneamiento B\u00e1sico Para Vivienda Rural Dispersa En El Municipio De Charta. A trav\u00e9s del mecanismo Obras Por Impuesto, Opci\u00f3n Fiducia. La contrataci\u00f3n de la obra e interventor\u00eda se desarrollar\u00e1 a trav\u00e9s del Patrimonio Aut\u00f3nomo constituido con la Fiduciaria La Previsora S.A.<\/p>\n","protected":false},"author":5,"featured_media":6724,"comment_status":"open","ping_status":"open","sticky":false,"template":"","format":"standard","meta":{"_monsterinsights_skip_tracking":false,"_monsterinsights_sitenote_active":false,"_monsterinsights_sitenote_note":"","_monsterinsights_sitenote_category":0,"footnotes":""},"categories":[6],"tags":[],"class_list":["post-6715","post","type-post","status-publish","format-standard","has-post-thumbnail","hentry","category-convocatorias"],"_links":{"self":[{"href":"https:\/\/www.amb.com.co\/amb\/wp-json\/wp\/v2\/posts\/6715","targetHints":{"allow":["GET"]}}],"collection":[{"href":"https:\/\/www.amb.com.co\/amb\/wp-json\/wp\/v2\/posts"}],"about":[{"href":"https:\/\/www.amb.com.co\/amb\/wp-json\/wp\/v2\/types\/post"}],"author":[{"embeddable":true,"href":"https:\/\/www.amb.com.co\/amb\/wp-json\/wp\/v2\/users\/5"}],"replies":[{"embeddable":true,"href":"https:\/\/www.amb.com.co\/amb\/wp-json\/wp\/v2\/comments?post=6715"}],"version-history":[{"count":7,"href":"https:\/\/www.amb.com.co\/amb\/wp-json\/wp\/v2\/posts\/6715\/revisions"}],"predecessor-version":[{"id":6723,"href":"https:\/\/www.amb.com.co\/amb\/wp-json\/wp\/v2\/posts\/6715\/revisions\/6723"}],"wp:featuredmedia":[{"embeddable":true,"href":"https:\/\/www.amb.com.co\/amb\/wp-json\/wp\/v2\/media\/6724"}],"wp:attachment":[{"href":"https:\/\/www.amb.com.co\/amb\/wp-json\/wp\/v2\/media?parent=6715"}],"wp:term":[{"taxonomy":"category","embeddable":true,"href":"https:\/\/www.amb.com.co\/amb\/wp-json\/wp\/v2\/categories?post=6715"},{"taxonomy":"post_tag","embeddable":true,"href":"https:\/\/www.amb.com.co\/amb\/wp-json\/wp\/v2\/tags?post=6715"}],"curies":[{"name":"wp","href":"https:\/\/api.w.org\/{rel}","templated":true}]}}