{"id":6136,"date":"2026-04-29T07:00:18","date_gmt":"2026-04-29T12:00:18","guid":{"rendered":"https:\/\/www.amb.com.co\/amb\/?p=6136"},"modified":"2026-04-29T07:02:17","modified_gmt":"2026-04-29T12:02:17","slug":"conmemoramos-110-anos-de-historia-garantizando-el-agua-para-los-proximos-50-anos","status":"publish","type":"post","link":"https:\/\/www.amb.com.co\/amb\/conmemoramos-110-anos-de-historia-garantizando-el-agua-para-los-proximos-50-anos\/","title":{"rendered":"Conmemoramos 110 a\u00f1os de historia, garantizando el agua para los pr\u00f3ximos 50 a\u00f1os"},"content":{"rendered":"\t\t<div data-elementor-type=\"wp-post\" data-elementor-id=\"6136\" class=\"elementor elementor-6136\" data-elementor-post-type=\"post\">\n\t\t\t\t\t\t<section class=\"elementor-section elementor-top-section elementor-element elementor-element-fdaa5a9 elementor-section-boxed elementor-section-height-default elementor-section-height-default\" data-id=\"fdaa5a9\" data-element_type=\"section\">\n\t\t\t\t\t\t<div class=\"elementor-container elementor-column-gap-default\">\n\t\t\t\t\t<div class=\"elementor-column elementor-col-100 elementor-top-column elementor-element elementor-element-a5f6cd8\" data-id=\"a5f6cd8\" data-element_type=\"column\">\n\t\t\t<div class=\"elementor-widget-wrap elementor-element-populated\">\n\t\t\t\t\t\t<div class=\"elementor-element elementor-element-1f4c0e7 elementor-widget elementor-widget-text-editor\" data-id=\"1f4c0e7\" data-element_type=\"widget\" data-widget_type=\"text-editor.default\">\n\t\t\t\t<div class=\"elementor-widget-container\">\n\t\t\t\t\t\t\t\t\t<p><strong>Bucaramanga, 29 de abril de 2026<\/strong><\/p><p>En el Acueducto Metropolitano de Bucaramanga SA ESP. cumplimos 110 a\u00f1os de historia consolid\u00e1ndonos como una de las empresas de servicios p\u00fablicos m\u00e1s eficientes del pa\u00eds y l\u00edderes en la calidad del agua.<\/p><p>Hoy, en el marco de este aniversario, le entregamos a Bucaramanga y su \u00e1rea metropolitana nuestro mayor regalo: la certeza de contar con la disponibilidad del recurso h\u00eddrico para los pr\u00f3ximos 50 a\u00f1os. Lo hacemos realidad a trav\u00e9s de nuestro Plan de Expansi\u00f3n, uno de los m\u00e1s importantes del pa\u00eds.<\/p><p>Este plan no solo garantiza el abastecimiento de agua, sino que habilita la capacidad de nuestra regi\u00f3n para desarrollarse, crecer y consolidarse como un foco estrat\u00e9gico de desarrollo nacional, con condiciones para la llegada de nuevas industrias, comercios, proyectos tur\u00edsticos y nuevos proyectos urban\u00edsticos.<\/p><p>Nos hemos trazado una meta clara: vincular, en los pr\u00f3ximos a\u00f1os, 121 mil nuevos suscriptores; fortalecer el servicio para m\u00e1s de 333 mil suscriptores actuales; y seguir aportando con sostenibilidad financiera al desarrollo de la ciudad.<\/p><p>As\u00ed mismo, seguimos avanzando en la individualizaci\u00f3n del servicio en sectores que hoy dependen de pilas comunitarias, especialmente en zonas de Gir\u00f3n y \u00e1reas perif\u00e9ricas de Bucaramanga y Floridablanca. Con ello mejoraremos la calidad del servicio, reduciremos p\u00e9rdidas, optimizaremos los procesos y generaremos mejores condiciones de vida para las comunidades.<\/p><p>Este logro es el resultado de 110 a\u00f1os de trabajo de un equipo humano capacitado y comprometido, de mujeres y hombres que han hecho de esta empresa un s\u00edmbolo de eficiencia, confianza y orgullo regional. Gracias a ese esfuerzo sostenido, hoy entregamos una de las mejores aguas del pa\u00eds y con los mejores indicadores de prestaci\u00f3n.<\/p><p>Hemos estado siempre presentes en la vida de nuestra gente: en el primer caf\u00e9 de la ma\u00f1ana, en las manos que trabajan, en las familias que crecen, en los ni\u00f1os que aprenden y en cada sue\u00f1o que se construye d\u00eda a d\u00eda.<\/p><p>Porque el agua que llevamos no solo recorre las redes: recorre historias, conecta generaciones y hace posible el futuro.<\/p><p>Seguimos escribiendo nuestra historia con visi\u00f3n, responsabilidad y compromiso, proyect\u00e1ndonos cada vez con m\u00e1s fuerza a nivel nacional.<\/p><p>Somos parte de lo que somos como regi\u00f3n.<\/p><p>Somos orgullo, somos bienestar\u2026 somos vida.<\/p><p><strong>Somos el Acueducto Metropolitano de Bucaramanga.<\/strong><\/p>\t\t\t\t\t\t\t\t<\/div>\n\t\t\t\t<\/div>\n\t\t\t\t\t<\/div>\n\t\t<\/div>\n\t\t\t\t\t<\/div>\n\t\t<\/section>\n\t\t\t\t<\/div>\n\t\t","protected":false},"excerpt":{"rendered":"<p>En el Acueducto Metropolitano de Bucaramanga SA ESP. cumplimos 110 a\u00f1os de historia consolid\u00e1ndonos como una de las empresas de servicios p\u00fablicos m\u00e1s eficientes del pa\u00eds y l\u00edderes en la calidad del agua.<\/p>\n","protected":false},"author":5,"featured_media":6137,"comment_status":"open","ping_status":"open","sticky":false,"template":"","format":"standard","meta":{"_monsterinsights_skip_tracking":false,"_monsterinsights_sitenote_active":false,"_monsterinsights_sitenote_note":"","_monsterinsights_sitenote_category":0,"footnotes":""},"categories":[7],"tags":[],"class_list":["post-6136","post","type-post","status-publish","format-standard","has-post-thumbnail","hentry","category-amb-al-dia"],"_links":{"self":[{"href":"https:\/\/www.amb.com.co\/amb\/wp-json\/wp\/v2\/posts\/6136","targetHints":{"allow":["GET"]}}],"collection":[{"href":"https:\/\/www.amb.com.co\/amb\/wp-json\/wp\/v2\/posts"}],"about":[{"href":"https:\/\/www.amb.com.co\/amb\/wp-json\/wp\/v2\/types\/post"}],"author":[{"embeddable":true,"href":"https:\/\/www.amb.com.co\/amb\/wp-json\/wp\/v2\/users\/5"}],"replies":[{"embeddable":true,"href":"https:\/\/www.amb.com.co\/amb\/wp-json\/wp\/v2\/comments?post=6136"}],"version-history":[{"count":4,"href":"https:\/\/www.amb.com.co\/amb\/wp-json\/wp\/v2\/posts\/6136\/revisions"}],"predecessor-version":[{"id":6141,"href":"https:\/\/www.amb.com.co\/amb\/wp-json\/wp\/v2\/posts\/6136\/revisions\/6141"}],"wp:featuredmedia":[{"embeddable":true,"href":"https:\/\/www.amb.com.co\/amb\/wp-json\/wp\/v2\/media\/6137"}],"wp:attachment":[{"href":"https:\/\/www.amb.com.co\/amb\/wp-json\/wp\/v2\/media?parent=6136"}],"wp:term":[{"taxonomy":"category","embeddable":true,"href":"https:\/\/www.amb.com.co\/amb\/wp-json\/wp\/v2\/categories?post=6136"},{"taxonomy":"post_tag","embeddable":true,"href":"https:\/\/www.amb.com.co\/amb\/wp-json\/wp\/v2\/tags?post=6136"}],"curies":[{"name":"wp","href":"https:\/\/api.w.org\/{rel}","templated":true}]}}