{"id":5489,"date":"2026-01-29T09:47:00","date_gmt":"2026-01-29T14:47:00","guid":{"rendered":"https:\/\/www.amb.com.co\/amb\/?p=5489"},"modified":"2026-02-13T11:25:20","modified_gmt":"2026-02-13T16:25:20","slug":"suspension-del-servicio-de-acueducto-en-los-sectores-sur-oriental-del-municipio-de-bucaramanga-y-nor-oriental-del-municipio-de-floridablanca-4","status":"publish","type":"post","link":"https:\/\/www.amb.com.co\/amb\/suspension-del-servicio-de-acueducto-en-los-sectores-sur-oriental-del-municipio-de-bucaramanga-y-nor-oriental-del-municipio-de-floridablanca-4\/","title":{"rendered":"Suspensi\u00f3n del servicio de Acueducto en los sectores suroriental del municipio de Bucaramanga y nororiental del municipio de Floridablanca"},"content":{"rendered":"\t\t<div data-elementor-type=\"wp-post\" data-elementor-id=\"5489\" class=\"elementor elementor-5489\" data-elementor-post-type=\"post\">\n\t\t\t\t\t\t<section class=\"elementor-section elementor-top-section elementor-element elementor-element-b522874 elementor-section-boxed elementor-section-height-default elementor-section-height-default\" data-id=\"b522874\" data-element_type=\"section\">\n\t\t\t\t\t\t<div class=\"elementor-container elementor-column-gap-default\">\n\t\t\t\t\t<div class=\"elementor-column elementor-col-100 elementor-top-column elementor-element elementor-element-b3b7699\" data-id=\"b3b7699\" data-element_type=\"column\">\n\t\t\t<div class=\"elementor-widget-wrap elementor-element-populated\">\n\t\t\t\t\t\t<div class=\"elementor-element elementor-element-5943d6c elementor-widget elementor-widget-text-editor\" data-id=\"5943d6c\" data-element_type=\"widget\" data-widget_type=\"text-editor.default\">\n\t\t\t\t<div class=\"elementor-widget-container\">\n\t\t\t\t\t\t\t\t\t<p><strong>Bucaramanga, 29 de enero de 2026<\/strong><\/p><p>Con el fin de ejecutar labores de mantenimiento preventivo en el canal de aducci\u00f3n que abastece la Planta de Tratamiento de Agua Potable La Flora, el <em>Acueducto Metropolitano de Bucaramanga S.A. ESP,<\/em> realizar\u00e1 la suspensi\u00f3n temporal del servicio de agua potable en los sectores suroriental del municipio de Bucaramanga y nororiental del municipio de Floridablanca, <strong>desde las 07:00 p.m. del viernes 30 de enero hasta las 07:00 a.m. del s\u00e1bado 31 de enero de 2026.<\/strong><\/p><p>La medida cobijar\u00e1 a cerca de 76 mil suscriptores ubicados en los siguientes sectores:<\/p><p><strong>\u00a0<\/strong><strong>DISTRITO NORTE ALTO:<\/strong> Mejoras P\u00fablicas, Sotomayor, Cabecera del Llano, El Prado, \u00c1lvarez, Las Am\u00e9ricas, La Aurora, Bolarqu\u00ed, Mercedes, Campestre, Conucos. Universidad, UIS, Sotomayor, San Alonso, Quinta Brigada, Quinta Dania, Gal\u00e1n, El Prado, Los Alpes, Alarc\u00f3n, Antiguo campestre, Puerto rico y pilas p\u00fablicas.<\/p><p><strong>DISTRITO LA FLORA: <\/strong>Albania, Morrorico, El Diviso, Miraflores, La Mala\u00f1a, Los Sauces, Venado de Oro, Los Pinos, Batall\u00f3n Caldas y pilas p\u00fablicas del sector.<\/p><p><strong>DISTRITO LA MALA\u00d1A<\/strong>: Buenos Aires, Miraflores, Miramanga y pilas p\u00fablicas del sector.<\/p><p><strong>DISTRITO PAN DE AZ\u00daCAR<\/strong>: Santa Helena, Balcones de Santa Helena, Arrayanes, Alares, El Reposo, Oasis, Sierra Verde, UDES, Las Colinas, La Trinidad, Balc\u00f3n del Lago, Los Cedros, Pan de az\u00facar, Altos de Pan de Az\u00facar, Diamante I, Lagos del Cacique, Guayacanes, San Expedito y Pilas P\u00fablicas del Sector.<\/p><p><strong>DISTRITO TEJAR:<\/strong> Quintas del Cacique etapas 1, 2, 3, 4 y 5, Palmeras del Cacique 1 y 2, Hacienda del Cacique, Cacique Imperial, Tesoro del Cacique, Portal del Cacique, Conjuntos Santa B\u00e1rbara 1 y 2, La Gran Reserva, Neomundo, Centro Comercial Cacique, Estadio La Flora, Serrezuela 1 y 2, Hispania, Britania, Germania, Cacique Ipan\u00e1, Parroquia Cristo Misionero, Conjunto Residencial Monterrey, La Pedregosa, La Libertad, Barrio Caldas, Altoviento, Zapamanga I y IV, Tenza, Santa Fe, San Bernardo, Hacienda San Juan, Girasol, Altos de Tajamar, Balcones del Tejar 1,2,3,4 y 5, Santa M\u00f3nica, Altos de la Pradera, Altos del Cacique, Altos del Lago, Asturias, Bosques del Cacique,\u00a0 Urbanizaci\u00f3n F\u00e1tima, Mirador de F\u00e1tima, Balcones de la Colina, Colegio Instituto Caldas, San Martin, Portofino, Torres de Alejandr\u00eda, Las Casitas, Boulevard del Cacique, Mirador del Cacique, Torres del Port\u00f3n 1,2,3 y 4 y Pilas P\u00fablicas del Sector.<\/p><p><strong>DISTRITO CABECERA<\/strong>: Altos de Cabecera, Avenida el Jard\u00edn, El Jard\u00edn, Terrazas, La Floresta, y Quebrada la Iglesia, Cabecera del Llano.<\/p><p><strong>DISTRITO CENTRO: <\/strong>Campo Hermoso, Alfonso L\u00f3pez, La Joya, San Miguel, Chorreras de Don Juan, Garc\u00eda Rovira, Primero de Mayo, Centro, Santander, 23 de junio, Candiles, Pantanos I, II y III, Don Bosco, La Esmeralda, La Palma, Quinta Estrella, Urbanizaci\u00f3n Villa del Prado, Urbanizaci\u00f3n Los B\u00facaros, C\u00e1rcel Modelo, Hospital Psiqui\u00e1trico San Camilo e instalaciones de Medicina Legal.<\/p><p>El <em>Acueducto Metropolitano de Bucaramanga S.A. ESP<\/em>, presenta excusas por los inconvenientes que esta suspensi\u00f3n pueda generar y recomienda a los usuarios realizar un uso racional del agua, haciendo un manejo adecuado de los tanques de almacenamiento, con el fin de mitigar los efectos durante el per\u00edodo de interrupci\u00f3n del servicio.<\/p><p>Los usuarios que cuentan con sistema interno de bombeo, no se ver\u00e1n afectados con la medida, pero se recomienda el uso racional del agua.<\/p>\t\t\t\t\t\t\t\t<\/div>\n\t\t\t\t<\/div>\n\t\t\t\t\t<\/div>\n\t\t<\/div>\n\t\t\t\t\t<\/div>\n\t\t<\/section>\n\t\t\t\t<\/div>\n\t\t","protected":false},"excerpt":{"rendered":"<p>Con el fin de ejecutar labores de mantenimiento preventivo en el canal de aducci\u00f3n que abastece la Planta de Tratamiento de Agua Potable La Flora, el Acueducto Metropolitano de Bucaramanga S.A. ESP, realizar\u00e1 la suspensi\u00f3n temporal del servicio de agua potable en los sectores suroriental del municipio de Bucaramanga y nororiental del municipio de Floridablanca, desde las 07:00 p. m. del viernes 30 de enero hasta las 07:00 a. m. del s\u00e1bado 31 de enero de 2026.<\/p>\n","protected":false},"author":5,"featured_media":5501,"comment_status":"open","ping_status":"open","sticky":false,"template":"","format":"standard","meta":{"_monsterinsights_skip_tracking":false,"_monsterinsights_sitenote_active":false,"_monsterinsights_sitenote_note":"","_monsterinsights_sitenote_category":0,"footnotes":""},"categories":[14],"tags":[],"class_list":["post-5489","post","type-post","status-publish","format-standard","has-post-thumbnail","hentry","category-cortes"],"_links":{"self":[{"href":"https:\/\/www.amb.com.co\/amb\/wp-json\/wp\/v2\/posts\/5489","targetHints":{"allow":["GET"]}}],"collection":[{"href":"https:\/\/www.amb.com.co\/amb\/wp-json\/wp\/v2\/posts"}],"about":[{"href":"https:\/\/www.amb.com.co\/amb\/wp-json\/wp\/v2\/types\/post"}],"author":[{"embeddable":true,"href":"https:\/\/www.amb.com.co\/amb\/wp-json\/wp\/v2\/users\/5"}],"replies":[{"embeddable":true,"href":"https:\/\/www.amb.com.co\/amb\/wp-json\/wp\/v2\/comments?post=5489"}],"version-history":[{"count":11,"href":"https:\/\/www.amb.com.co\/amb\/wp-json\/wp\/v2\/posts\/5489\/revisions"}],"predecessor-version":[{"id":5593,"href":"https:\/\/www.amb.com.co\/amb\/wp-json\/wp\/v2\/posts\/5489\/revisions\/5593"}],"wp:featuredmedia":[{"embeddable":true,"href":"https:\/\/www.amb.com.co\/amb\/wp-json\/wp\/v2\/media\/5501"}],"wp:attachment":[{"href":"https:\/\/www.amb.com.co\/amb\/wp-json\/wp\/v2\/media?parent=5489"}],"wp:term":[{"taxonomy":"category","embeddable":true,"href":"https:\/\/www.amb.com.co\/amb\/wp-json\/wp\/v2\/categories?post=5489"},{"taxonomy":"post_tag","embeddable":true,"href":"https:\/\/www.amb.com.co\/amb\/wp-json\/wp\/v2\/tags?post=5489"}],"curies":[{"name":"wp","href":"https:\/\/api.w.org\/{rel}","templated":true}]}}