{"id":5313,"date":"2025-12-10T13:30:08","date_gmt":"2025-12-10T18:30:08","guid":{"rendered":"https:\/\/www.amb.com.co\/amb\/?p=5313"},"modified":"2025-12-10T14:02:57","modified_gmt":"2025-12-10T19:02:57","slug":"con-exito-culmino-la-primera-escuela-de-servicios-publicos-domiciliarios-y-medio-ambiente-en-bucaramanga","status":"publish","type":"post","link":"https:\/\/www.amb.com.co\/amb\/con-exito-culmino-la-primera-escuela-de-servicios-publicos-domiciliarios-y-medio-ambiente-en-bucaramanga\/","title":{"rendered":"Con \u00e9xito culmin\u00f3 la primera Escuela de Servicios P\u00fablicos Domiciliarios y Medio Ambiente en Bucaramanga"},"content":{"rendered":"\t\t<div data-elementor-type=\"wp-post\" data-elementor-id=\"5313\" class=\"elementor elementor-5313\" data-elementor-post-type=\"post\">\n\t\t\t\t\t\t<section class=\"elementor-section elementor-top-section elementor-element elementor-element-9d94474 elementor-section-boxed elementor-section-height-default elementor-section-height-default\" data-id=\"9d94474\" data-element_type=\"section\">\n\t\t\t\t\t\t<div class=\"elementor-container elementor-column-gap-default\">\n\t\t\t\t\t<div class=\"elementor-column elementor-col-100 elementor-top-column elementor-element elementor-element-c2ef952\" data-id=\"c2ef952\" data-element_type=\"column\">\n\t\t\t<div class=\"elementor-widget-wrap elementor-element-populated\">\n\t\t\t\t\t\t<div class=\"elementor-element elementor-element-13848b7 elementor-widget elementor-widget-text-editor\" data-id=\"13848b7\" data-element_type=\"widget\" data-widget_type=\"text-editor.default\">\n\t\t\t\t<div class=\"elementor-widget-container\">\n\t\t\t\t\t\t\t\t\t<p><strong>Con \u00e9xito culmin\u00f3 la primera Escuela de Servicios P\u00fablicos Domiciliarios y Medio Ambiente en Bucaramanga<\/strong><\/p><p>Realizamos la clausura de la Escuela de Servicios P\u00fablicos Domiciliarios y Medio Ambiente, una iniciativa institucional orientada a fortalecer los conocimientos de los l\u00edderes comunitarios en temas relacionados con la prestaci\u00f3n del servicio p\u00fablico de acueducto<strong>,<\/strong>\u00a0sus procesos operativos, normativos y de atenci\u00f3n al usuario, contribuyendo as\u00ed a una gesti\u00f3n m\u00e1s informada y a una relaci\u00f3n cercana y transparente entre la Empresa y las comunidades del \u00e1rea metropolitana.<\/p><p>En esta cohorte participaron cerca de 40 l\u00edderes sociales provenientes de Bucaramanga, Gir\u00f3n y Floridablanca, as\u00ed como representantes de pilas p\u00fablicas, quienes culminaron un proceso de 36 horas de formaci\u00f3n, distribuido en nueve sesiones presenciales desarrolladas por profesionales del amb.<\/p><p>Este proyecto de formaci\u00f3n naci\u00f3 con el prop\u00f3sito de generar conocimiento pr\u00e1ctico en torno al ciclo integral del agua, desde su captaci\u00f3n hasta su distribuci\u00f3n y disposici\u00f3n final en las cuencas, as\u00ed como de los procesos y procedimientos establecidos por la ley para la prestaci\u00f3n del servicio p\u00fablico de acueducto.<\/p><p>A trav\u00e9s de metodolog\u00edas participativas, estudio de casos reales y espacios de di\u00e1logo directo, los asistentes fortalecieron su comprensi\u00f3n sobre la operaci\u00f3n del sistema de acueducto y adquirieron herramientas para orientar a sus comunidades frente a situaciones relacionadas con el servicio.<\/p><p>Temas desarrollados:<\/p><p>Durante el proceso formativo se desarrollaron m\u00f3dulos enfocados en:<\/p><ul><li>Cambio e instalaci\u00f3n de medidores.<\/li><li>Facturaci\u00f3n, planes de financiaci\u00f3n y canales de atenci\u00f3n del amb.<\/li><li>Funcionamiento y gesti\u00f3n de pilas p\u00fablicas.<\/li><li>Identificaci\u00f3n de irregularidades en el servicio de acueducto.<\/li><li>Infraestructura gris y verde del amb.<\/li><li>Plan de expansi\u00f3n y distribuci\u00f3n del servicio.<\/li><li>Educaci\u00f3n ambiental y conservaci\u00f3n de ecosistemas estrat\u00e9gicos.<\/li><li>Comunicaci\u00f3n asertiva y relacionamiento efectivo.<\/li><\/ul><p>Uno de los principales valores del programa fue el intercambio de experiencias y conocimientos entre los l\u00edderes comunitarios y los profesionales del amb, lo que permiti\u00f3 fortalecer relaciones de confianza, aclarar inquietudes frecuentes y generar aportes para la mejora continua de los procesos institucionales.<\/p><p>Con la Escuela de Servicios P\u00fablicos y Medio Ambiente, el amb reafirma su compromiso con la formaci\u00f3n ciudadana, la participaci\u00f3n comunitaria y la protecci\u00f3n del agua como recurso vital. Esta iniciativa se consolida como un espacio permanente de aprendizaje y construcci\u00f3n colectiva, orientado a fortalecer una ciudadan\u00eda informada, corresponsable y comprometida con la sostenibilidad del territorio.<\/p>\t\t\t\t\t\t\t\t<\/div>\n\t\t\t\t<\/div>\n\t\t\t\t\t<\/div>\n\t\t<\/div>\n\t\t\t\t\t<\/div>\n\t\t<\/section>\n\t\t\t\t<section class=\"elementor-section elementor-top-section elementor-element elementor-element-0beb302 elementor-section-boxed elementor-section-height-default elementor-section-height-default\" data-id=\"0beb302\" data-element_type=\"section\">\n\t\t\t\t\t\t<div class=\"elementor-container elementor-column-gap-default\">\n\t\t\t\t\t<div class=\"elementor-column elementor-col-100 elementor-top-column elementor-element elementor-element-9167405\" data-id=\"9167405\" data-element_type=\"column\">\n\t\t\t<div class=\"elementor-widget-wrap elementor-element-populated\">\n\t\t\t\t\t\t<div class=\"elementor-element elementor-element-6153b52 elementor-widget elementor-widget-image\" data-id=\"6153b52\" data-element_type=\"widget\" data-widget_type=\"image.default\">\n\t\t\t\t<div class=\"elementor-widget-container\">\n\t\t\t\t\t\t\t\t\t\t\t\t\t\t\t<img fetchpriority=\"high\" decoding=\"async\" width=\"1024\" height=\"683\" src=\"https:\/\/www.amb.com.co\/amb\/wp-content\/uploads\/2025\/12\/IMG_7256-1024x683.jpg\" class=\"attachment-large size-large wp-image-5320\" alt=\"\" srcset=\"https:\/\/www.amb.com.co\/amb\/wp-content\/uploads\/2025\/12\/IMG_7256-1024x683.jpg 1024w, https:\/\/www.amb.com.co\/amb\/wp-content\/uploads\/2025\/12\/IMG_7256-300x200.jpg 300w, https:\/\/www.amb.com.co\/amb\/wp-content\/uploads\/2025\/12\/IMG_7256-768x512.jpg 768w, https:\/\/www.amb.com.co\/amb\/wp-content\/uploads\/2025\/12\/IMG_7256-1536x1024.jpg 1536w, https:\/\/www.amb.com.co\/amb\/wp-content\/uploads\/2025\/12\/IMG_7256-2048x1365.jpg 2048w, https:\/\/www.amb.com.co\/amb\/wp-content\/uploads\/2025\/12\/IMG_7256-113x75.jpg 113w, https:\/\/www.amb.com.co\/amb\/wp-content\/uploads\/2025\/12\/IMG_7256-480x320.jpg 480w\" sizes=\"(max-width:767px) 480px, (max-width:1024px) 100vw, 1024px\" title=\"\">\t\t\t\t\t\t\t\t\t\t\t\t\t\t\t<\/div>\n\t\t\t\t<\/div>\n\t\t\t\t\t<\/div>\n\t\t<\/div>\n\t\t\t\t\t<\/div>\n\t\t<\/section>\n\t\t\t\t<section class=\"elementor-section elementor-top-section elementor-element elementor-element-df12a55 elementor-section-boxed elementor-section-height-default elementor-section-height-default\" data-id=\"df12a55\" data-element_type=\"section\">\n\t\t\t\t\t\t<div class=\"elementor-container elementor-column-gap-default\">\n\t\t\t\t\t<div class=\"elementor-column elementor-col-100 elementor-top-column elementor-element elementor-element-6ddd545\" data-id=\"6ddd545\" data-element_type=\"column\">\n\t\t\t<div class=\"elementor-widget-wrap elementor-element-populated\">\n\t\t\t\t\t\t<div class=\"elementor-element elementor-element-7451372 elementor-widget elementor-widget-image\" data-id=\"7451372\" data-element_type=\"widget\" data-widget_type=\"image.default\">\n\t\t\t\t<div class=\"elementor-widget-container\">\n\t\t\t\t\t\t\t\t\t\t\t\t\t\t\t<img decoding=\"async\" width=\"1024\" height=\"683\" data-src=\"https:\/\/www.amb.com.co\/amb\/wp-content\/uploads\/2025\/12\/IMG_7387-1024x683.jpg\" class=\"attachment-large size-large wp-image-5329 lazyload\" alt=\"\" data-srcset=\"https:\/\/www.amb.com.co\/amb\/wp-content\/uploads\/2025\/12\/IMG_7387-1024x683.jpg 1024w, https:\/\/www.amb.com.co\/amb\/wp-content\/uploads\/2025\/12\/IMG_7387-300x200.jpg 300w, https:\/\/www.amb.com.co\/amb\/wp-content\/uploads\/2025\/12\/IMG_7387-768x512.jpg 768w, https:\/\/www.amb.com.co\/amb\/wp-content\/uploads\/2025\/12\/IMG_7387-1536x1024.jpg 1536w, https:\/\/www.amb.com.co\/amb\/wp-content\/uploads\/2025\/12\/IMG_7387-2048x1365.jpg 2048w, https:\/\/www.amb.com.co\/amb\/wp-content\/uploads\/2025\/12\/IMG_7387-113x75.jpg 113w, https:\/\/www.amb.com.co\/amb\/wp-content\/uploads\/2025\/12\/IMG_7387-480x320.jpg 480w\" data-sizes=\"(max-width:767px) 480px, (max-width:1024px) 100vw, 1024px\" title=\"\" src=\"data:image\/svg+xml;base64,PHN2ZyB3aWR0aD0iMSIgaGVpZ2h0PSIxIiB4bWxucz0iaHR0cDovL3d3dy53My5vcmcvMjAwMC9zdmciPjwvc3ZnPg==\" style=\"--smush-placeholder-width: 1024px; --smush-placeholder-aspect-ratio: 1024\/683;\">\t\t\t\t\t\t\t\t\t\t\t\t\t\t\t<\/div>\n\t\t\t\t<\/div>\n\t\t\t\t\t<\/div>\n\t\t<\/div>\n\t\t\t\t\t<\/div>\n\t\t<\/section>\n\t\t\t\t<section class=\"elementor-section elementor-top-section elementor-element elementor-element-467f9c8 elementor-section-boxed elementor-section-height-default elementor-section-height-default\" data-id=\"467f9c8\" data-element_type=\"section\">\n\t\t\t\t\t\t<div class=\"elementor-container elementor-column-gap-default\">\n\t\t\t\t\t<div class=\"elementor-column elementor-col-100 elementor-top-column elementor-element elementor-element-86e76da\" data-id=\"86e76da\" data-element_type=\"column\">\n\t\t\t<div class=\"elementor-widget-wrap elementor-element-populated\">\n\t\t\t\t\t\t<div class=\"elementor-element elementor-element-236f7eb elementor-widget elementor-widget-image\" data-id=\"236f7eb\" data-element_type=\"widget\" data-widget_type=\"image.default\">\n\t\t\t\t<div class=\"elementor-widget-container\">\n\t\t\t\t\t\t\t\t\t\t\t\t\t\t\t<img decoding=\"async\" width=\"1024\" height=\"683\" data-src=\"https:\/\/www.amb.com.co\/amb\/wp-content\/uploads\/2025\/12\/IMG_7365-1024x683.jpg\" class=\"attachment-large size-large wp-image-5326 lazyload\" alt=\"\" data-srcset=\"https:\/\/www.amb.com.co\/amb\/wp-content\/uploads\/2025\/12\/IMG_7365-1024x683.jpg 1024w, https:\/\/www.amb.com.co\/amb\/wp-content\/uploads\/2025\/12\/IMG_7365-300x200.jpg 300w, https:\/\/www.amb.com.co\/amb\/wp-content\/uploads\/2025\/12\/IMG_7365-768x512.jpg 768w, https:\/\/www.amb.com.co\/amb\/wp-content\/uploads\/2025\/12\/IMG_7365-1536x1024.jpg 1536w, https:\/\/www.amb.com.co\/amb\/wp-content\/uploads\/2025\/12\/IMG_7365-2048x1365.jpg 2048w, https:\/\/www.amb.com.co\/amb\/wp-content\/uploads\/2025\/12\/IMG_7365-113x75.jpg 113w, https:\/\/www.amb.com.co\/amb\/wp-content\/uploads\/2025\/12\/IMG_7365-480x320.jpg 480w\" data-sizes=\"(max-width:767px) 480px, (max-width:1024px) 100vw, 1024px\" title=\"\" src=\"data:image\/svg+xml;base64,PHN2ZyB3aWR0aD0iMSIgaGVpZ2h0PSIxIiB4bWxucz0iaHR0cDovL3d3dy53My5vcmcvMjAwMC9zdmciPjwvc3ZnPg==\" style=\"--smush-placeholder-width: 1024px; --smush-placeholder-aspect-ratio: 1024\/683;\">\t\t\t\t\t\t\t\t\t\t\t\t\t\t\t<\/div>\n\t\t\t\t<\/div>\n\t\t\t\t\t<\/div>\n\t\t<\/div>\n\t\t\t\t\t<\/div>\n\t\t<\/section>\n\t\t\t\t<section class=\"elementor-section elementor-top-section elementor-element elementor-element-a1be681 elementor-section-boxed elementor-section-height-default elementor-section-height-default\" data-id=\"a1be681\" data-element_type=\"section\">\n\t\t\t\t\t\t<div class=\"elementor-container elementor-column-gap-default\">\n\t\t\t\t\t<div class=\"elementor-column elementor-col-100 elementor-top-column elementor-element elementor-element-4288839\" data-id=\"4288839\" data-element_type=\"column\">\n\t\t\t<div class=\"elementor-widget-wrap elementor-element-populated\">\n\t\t\t\t\t\t<div class=\"elementor-element elementor-element-c6760b3 elementor-widget elementor-widget-image\" data-id=\"c6760b3\" data-element_type=\"widget\" data-widget_type=\"image.default\">\n\t\t\t\t<div class=\"elementor-widget-container\">\n\t\t\t\t\t\t\t\t\t\t\t\t\t\t\t<img decoding=\"async\" width=\"1024\" height=\"683\" data-src=\"https:\/\/www.amb.com.co\/amb\/wp-content\/uploads\/2025\/12\/IMG_7266-1024x683.jpg\" class=\"attachment-large size-large wp-image-5321 lazyload\" alt=\"\" data-srcset=\"https:\/\/www.amb.com.co\/amb\/wp-content\/uploads\/2025\/12\/IMG_7266-1024x683.jpg 1024w, https:\/\/www.amb.com.co\/amb\/wp-content\/uploads\/2025\/12\/IMG_7266-300x200.jpg 300w, https:\/\/www.amb.com.co\/amb\/wp-content\/uploads\/2025\/12\/IMG_7266-768x512.jpg 768w, https:\/\/www.amb.com.co\/amb\/wp-content\/uploads\/2025\/12\/IMG_7266-1536x1024.jpg 1536w, https:\/\/www.amb.com.co\/amb\/wp-content\/uploads\/2025\/12\/IMG_7266-2048x1365.jpg 2048w, https:\/\/www.amb.com.co\/amb\/wp-content\/uploads\/2025\/12\/IMG_7266-113x75.jpg 113w, https:\/\/www.amb.com.co\/amb\/wp-content\/uploads\/2025\/12\/IMG_7266-480x320.jpg 480w\" data-sizes=\"(max-width:767px) 480px, (max-width:1024px) 100vw, 1024px\" title=\"\" src=\"data:image\/svg+xml;base64,PHN2ZyB3aWR0aD0iMSIgaGVpZ2h0PSIxIiB4bWxucz0iaHR0cDovL3d3dy53My5vcmcvMjAwMC9zdmciPjwvc3ZnPg==\" style=\"--smush-placeholder-width: 1024px; --smush-placeholder-aspect-ratio: 1024\/683;\">\t\t\t\t\t\t\t\t\t\t\t\t\t\t\t<\/div>\n\t\t\t\t<\/div>\n\t\t\t\t\t<\/div>\n\t\t<\/div>\n\t\t\t\t\t<\/div>\n\t\t<\/section>\n\t\t\t\t<section class=\"elementor-section elementor-top-section elementor-element elementor-element-58fcb05 elementor-section-boxed elementor-section-height-default elementor-section-height-default\" data-id=\"58fcb05\" data-element_type=\"section\">\n\t\t\t\t\t\t<div class=\"elementor-container elementor-column-gap-default\">\n\t\t\t\t\t<div class=\"elementor-column elementor-col-100 elementor-top-column elementor-element elementor-element-a8d6410\" data-id=\"a8d6410\" data-element_type=\"column\">\n\t\t\t<div class=\"elementor-widget-wrap elementor-element-populated\">\n\t\t\t\t\t\t<div class=\"elementor-element elementor-element-06c9e66 elementor-widget elementor-widget-image\" data-id=\"06c9e66\" data-element_type=\"widget\" data-widget_type=\"image.default\">\n\t\t\t\t<div class=\"elementor-widget-container\">\n\t\t\t\t\t\t\t\t\t\t\t\t\t\t\t<img decoding=\"async\" width=\"1024\" height=\"683\" data-src=\"https:\/\/www.amb.com.co\/amb\/wp-content\/uploads\/2025\/12\/IMG_7283-1024x683.jpg\" class=\"attachment-large size-large wp-image-5324 lazyload\" alt=\"\" data-srcset=\"https:\/\/www.amb.com.co\/amb\/wp-content\/uploads\/2025\/12\/IMG_7283-1024x683.jpg 1024w, https:\/\/www.amb.com.co\/amb\/wp-content\/uploads\/2025\/12\/IMG_7283-300x200.jpg 300w, https:\/\/www.amb.com.co\/amb\/wp-content\/uploads\/2025\/12\/IMG_7283-768x512.jpg 768w, https:\/\/www.amb.com.co\/amb\/wp-content\/uploads\/2025\/12\/IMG_7283-1536x1024.jpg 1536w, https:\/\/www.amb.com.co\/amb\/wp-content\/uploads\/2025\/12\/IMG_7283-2048x1365.jpg 2048w, https:\/\/www.amb.com.co\/amb\/wp-content\/uploads\/2025\/12\/IMG_7283-113x75.jpg 113w, https:\/\/www.amb.com.co\/amb\/wp-content\/uploads\/2025\/12\/IMG_7283-480x320.jpg 480w\" data-sizes=\"(max-width:767px) 480px, (max-width:1024px) 100vw, 1024px\" title=\"\" src=\"data:image\/svg+xml;base64,PHN2ZyB3aWR0aD0iMSIgaGVpZ2h0PSIxIiB4bWxucz0iaHR0cDovL3d3dy53My5vcmcvMjAwMC9zdmciPjwvc3ZnPg==\" style=\"--smush-placeholder-width: 1024px; --smush-placeholder-aspect-ratio: 1024\/683;\">\t\t\t\t\t\t\t\t\t\t\t\t\t\t\t<\/div>\n\t\t\t\t<\/div>\n\t\t\t\t\t<\/div>\n\t\t<\/div>\n\t\t\t\t\t<\/div>\n\t\t<\/section>\n\t\t\t\t<\/div>\n\t\t","protected":false},"excerpt":{"rendered":"<p>Realizamos la clausura de la Escuela de Servicios P\u00fablicos Domiciliarios y Medio Ambiente, una iniciativa institucional orientada a fortalecer los conocimientos de los l\u00edderes comunitarios en temas relacionados con la prestaci\u00f3n del servicio p\u00fablico de acueducto, sus procesos operativos, normativos y de atenci\u00f3n al usuario, contribuyendo as\u00ed a una gesti\u00f3n m\u00e1s informada y a una relaci\u00f3n cercana y transparente entre la Empresa y las comunidades del \u00e1rea metropolitana.<\/p>\n","protected":false},"author":5,"featured_media":5336,"comment_status":"open","ping_status":"open","sticky":false,"template":"","format":"standard","meta":{"_monsterinsights_skip_tracking":false,"_monsterinsights_sitenote_active":false,"_monsterinsights_sitenote_note":"","_monsterinsights_sitenote_category":0,"footnotes":""},"categories":[7],"tags":[],"class_list":["post-5313","post","type-post","status-publish","format-standard","has-post-thumbnail","hentry","category-amb-al-dia"],"_links":{"self":[{"href":"https:\/\/www.amb.com.co\/amb\/wp-json\/wp\/v2\/posts\/5313","targetHints":{"allow":["GET"]}}],"collection":[{"href":"https:\/\/www.amb.com.co\/amb\/wp-json\/wp\/v2\/posts"}],"about":[{"href":"https:\/\/www.amb.com.co\/amb\/wp-json\/wp\/v2\/types\/post"}],"author":[{"embeddable":true,"href":"https:\/\/www.amb.com.co\/amb\/wp-json\/wp\/v2\/users\/5"}],"replies":[{"embeddable":true,"href":"https:\/\/www.amb.com.co\/amb\/wp-json\/wp\/v2\/comments?post=5313"}],"version-history":[{"count":7,"href":"https:\/\/www.amb.com.co\/amb\/wp-json\/wp\/v2\/posts\/5313\/revisions"}],"predecessor-version":[{"id":5333,"href":"https:\/\/www.amb.com.co\/amb\/wp-json\/wp\/v2\/posts\/5313\/revisions\/5333"}],"wp:featuredmedia":[{"embeddable":true,"href":"https:\/\/www.amb.com.co\/amb\/wp-json\/wp\/v2\/media\/5336"}],"wp:attachment":[{"href":"https:\/\/www.amb.com.co\/amb\/wp-json\/wp\/v2\/media?parent=5313"}],"wp:term":[{"taxonomy":"category","embeddable":true,"href":"https:\/\/www.amb.com.co\/amb\/wp-json\/wp\/v2\/categories?post=5313"},{"taxonomy":"post_tag","embeddable":true,"href":"https:\/\/www.amb.com.co\/amb\/wp-json\/wp\/v2\/tags?post=5313"}],"curies":[{"name":"wp","href":"https:\/\/api.w.org\/{rel}","templated":true}]}}